{"id":1831,"date":"2026-04-27T15:37:05","date_gmt":"2026-04-27T13:37:05","guid":{"rendered":"https:\/\/verneuil-nievre.com\/?p=1831"},"modified":"2026-04-27T15:56:35","modified_gmt":"2026-04-27T13:56:35","slug":"ceremonie-de-reconnaissance-aux-verneuillois-morts-pour-la-france-et-justes-parmi-les-nations","status":"publish","type":"post","link":"https:\/\/verneuil-nievre.com\/?p=1831","title":{"rendered":"C\u00e9r\u00e9monie de reconnaissance aux Verneuillois \u00ab\u00a0Morts pour la France\u00a0\u00bb et Justes parmi les Nations\u00a0\u00bb"},"content":{"rendered":"\n<div data-wp-interactive=\"core\/file\" class=\"wp-block-file\"><object data-wp-bind--hidden=\"!state.hasPdfPreview\" hidden class=\"wp-block-file__embed\" data=\"https:\/\/verneuil-nievre.com\/wp-content\/uploads\/2026\/04\/Invitation-ceremonie-Morts-pour-la-France-Verneuil-8-mai-2026.pdf\" type=\"application\/pdf\" style=\"width:100%;height:600px\" aria-label=\"Contenu embarqu\u00e9 Invitation c\u00e9r\u00e9monie Morts pour la France Verneuil 8 mai 2026.\"><\/object><a id=\"wp-block-file--media-f005d114-159e-4e3f-b486-90b3fc024341\" href=\"https:\/\/verneuil-nievre.com\/wp-content\/uploads\/2026\/04\/Invitation-ceremonie-Morts-pour-la-France-Verneuil-8-mai-2026.pdf\">Invitation c\u00e9r\u00e9monie Morts pour la France Verneuil 8 mai 2026<\/a><\/div>\n","protected":false},"excerpt":{"rendered":"","protected":false},"author":1,"featured_media":0,"comment_status":"closed","ping_status":"open","sticky":false,"template":"","format":"standard","meta":{"footnotes":""},"categories":[1],"tags":[],"class_list":["post-1831","post","type-post","status-publish","format-standard","hentry","category-non-classe"],"_links":{"self":[{"href":"https:\/\/verneuil-nievre.com\/index.php?rest_route=\/wp\/v2\/posts\/1831","targetHints":{"allow":["GET"]}}],"collection":[{"href":"https:\/\/verneuil-nievre.com\/index.php?rest_route=\/wp\/v2\/posts"}],"about":[{"href":"https:\/\/verneuil-nievre.com\/index.php?rest_route=\/wp\/v2\/types\/post"}],"author":[{"embeddable":true,"href":"https:\/\/verneuil-nievre.com\/index.php?rest_route=\/wp\/v2\/users\/1"}],"replies":[{"embeddable":true,"href":"https:\/\/verneuil-nievre.com\/index.php?rest_route=%2Fwp%2Fv2%2Fcomments&post=1831"}],"version-history":[{"count":2,"href":"https:\/\/verneuil-nievre.com\/index.php?rest_route=\/wp\/v2\/posts\/1831\/revisions"}],"predecessor-version":[{"id":1837,"href":"https:\/\/verneuil-nievre.com\/index.php?rest_route=\/wp\/v2\/posts\/1831\/revisions\/1837"}],"wp:attachment":[{"href":"https:\/\/verneuil-nievre.com\/index.php?rest_route=%2Fwp%2Fv2%2Fmedia&parent=1831"}],"wp:term":[{"taxonomy":"category","embeddable":true,"href":"https:\/\/verneuil-nievre.com\/index.php?rest_route=%2Fwp%2Fv2%2Fcategories&post=1831"},{"taxonomy":"post_tag","embeddable":true,"href":"https:\/\/verneuil-nievre.com\/index.php?rest_route=%2Fwp%2Fv2%2Ftags&post=1831"}],"curies":[{"name":"wp","href":"https:\/\/api.w.org\/{rel}","templated":true}]}}