{"id":1712,"date":"2025-10-30T11:21:57","date_gmt":"2025-10-30T10:21:57","guid":{"rendered":"https:\/\/verneuil-nievre.com\/?p=1712"},"modified":"2025-10-30T11:25:18","modified_gmt":"2025-10-30T10:25:18","slug":"lutte-contre-linfluenza-aviaire-depuis-le-22-octobre-2025-le-niveau-de-risque-a-ete-porte-au-niveau-eleve-en-france-alors-que-lautomne-sinstalle-les-oiseaux-migrateurs-ont-enta","status":"publish","type":"post","link":"https:\/\/verneuil-nievre.com\/?p=1712","title":{"rendered":"Lutte contre l&rsquo;influenza aviaire &#8211;"},"content":{"rendered":"\n<p> Depuis le 22 octobre 2025, le niveau de risque a \u00e9t\u00e9 port\u00e9 au niveau \u00e9lev\u00e9 en France.Alors que l\u2019automne s\u2019installe, les oiseaux migrateurs ont entam\u00e9 leur voyage. Et sur leur trajet, la grippe aviaire se r\u00e9pand. Ce mardi 28 octobre, la pr\u00e9fecture de la Ni\u00e8vre alerte : \u201cdes mortalit\u00e9s importantes de grues cendr\u00e9es ont \u00e9t\u00e9 constat\u00e9es sur leur trajet de migration allant du Nord-Est au Sud-Ouest de la France\u201d. Dans le d\u00e9partement, huit grues cendr\u00e9es mortes ont \u00e9t\u00e9 diagnostiqu\u00e9es porteuses de l\u2019influenza aviaire hautement pathog\u00e8ne (IAHP) le 24 octobre dernier.<\/p>\n\n\n\n\n\n<div data-wp-interactive=\"core\/file\" class=\"wp-block-file\"><object data-wp-bind--hidden=\"!state.hasPdfPreview\" hidden class=\"wp-block-file__embed\" data=\"https:\/\/verneuil-nievre.com\/wp-content\/uploads\/2025\/10\/3-IAHP_Bassescours-annexe-2.pdf\" type=\"application\/pdf\" style=\"width:100%;height:600px\" aria-label=\"Contenu embarqu\u00e9 3 -IAHP_Bassescours annexe 2.\"><\/object><a id=\"wp-block-file--media-96b814d0-91ec-4028-ac68-76750cd863d3\" href=\"https:\/\/verneuil-nievre.com\/wp-content\/uploads\/2025\/10\/3-IAHP_Bassescours-annexe-2.pdf\">3 -IAHP_Bassescours annexe 2<\/a><\/div>\n","protected":false},"excerpt":{"rendered":"<p>Depuis le 22 octobre 2025, le niveau de risque a \u00e9t\u00e9 port\u00e9 au niveau \u00e9lev\u00e9 en France.Alors que l\u2019automne s\u2019installe, les oiseaux migrateurs ont entam\u00e9 leur voyage. Et sur leur trajet, la grippe aviaire se r\u00e9pand. Ce mardi 28 octobre, <a class=\"more-link\" href=\"https:\/\/verneuil-nievre.com\/?p=1712\">Continuer la lecture <span class=\"screen-reader-text\">  Lutte contre l&rsquo;influenza aviaire &#8211;<\/span><span class=\"meta-nav\">&rarr;<\/span><\/a><\/p>\n","protected":false},"author":1,"featured_media":0,"comment_status":"closed","ping_status":"open","sticky":false,"template":"","format":"standard","meta":{"footnotes":""},"categories":[1],"tags":[],"class_list":["post-1712","post","type-post","status-publish","format-standard","hentry","category-non-classe"],"_links":{"self":[{"href":"https:\/\/verneuil-nievre.com\/index.php?rest_route=\/wp\/v2\/posts\/1712","targetHints":{"allow":["GET"]}}],"collection":[{"href":"https:\/\/verneuil-nievre.com\/index.php?rest_route=\/wp\/v2\/posts"}],"about":[{"href":"https:\/\/verneuil-nievre.com\/index.php?rest_route=\/wp\/v2\/types\/post"}],"author":[{"embeddable":true,"href":"https:\/\/verneuil-nievre.com\/index.php?rest_route=\/wp\/v2\/users\/1"}],"replies":[{"embeddable":true,"href":"https:\/\/verneuil-nievre.com\/index.php?rest_route=%2Fwp%2Fv2%2Fcomments&post=1712"}],"version-history":[{"count":2,"href":"https:\/\/verneuil-nievre.com\/index.php?rest_route=\/wp\/v2\/posts\/1712\/revisions"}],"predecessor-version":[{"id":1716,"href":"https:\/\/verneuil-nievre.com\/index.php?rest_route=\/wp\/v2\/posts\/1712\/revisions\/1716"}],"wp:attachment":[{"href":"https:\/\/verneuil-nievre.com\/index.php?rest_route=%2Fwp%2Fv2%2Fmedia&parent=1712"}],"wp:term":[{"taxonomy":"category","embeddable":true,"href":"https:\/\/verneuil-nievre.com\/index.php?rest_route=%2Fwp%2Fv2%2Fcategories&post=1712"},{"taxonomy":"post_tag","embeddable":true,"href":"https:\/\/verneuil-nievre.com\/index.php?rest_route=%2Fwp%2Fv2%2Ftags&post=1712"}],"curies":[{"name":"wp","href":"https:\/\/api.w.org\/{rel}","templated":true}]}}