{"id":1688,"date":"2025-06-30T08:57:07","date_gmt":"2025-06-30T06:57:07","guid":{"rendered":"https:\/\/verneuil-nievre.com\/?p=1688"},"modified":"2025-06-30T08:57:08","modified_gmt":"2025-06-30T06:57:08","slug":"%f0%9f%93%a2-horaires-decales-canicule-%f0%9f%8c%a1%ef%b8%8f-%f0%9f%93%8d-dechetteries-dimphy-et-champvert","status":"publish","type":"post","link":"https:\/\/verneuil-nievre.com\/?p=1688","title":{"rendered":"\ud83d\udce2 HORAIRES DECAL\u00c9S\u2013 Canicule \ud83c\udf21\ufe0f \ud83d\udccd d\u00e9chetteries d\u2019Imphy et Champvert"},"content":{"rendered":"\n<p>\ud83d\udce2 HORAIRES DECAL\u00c9S\u2013 Canicule \ud83c\udf21\ufe0f \ud83d\udccd d\u00e9chetteries d\u2019Imphy et Champvert<\/p>\n\n\n\n<p>En raison des fortes chaleurs annonc\u00e9es, les horaires des d\u00e9chetteries seront modifi\u00e9s la semaine prochaine, du mardi 1er au samedi 5 juillet 2025.<\/p>\n\n\n\n<p>\ud83d\udfe9 D\u00e9chetterie de Champvert<\/p>\n\n\n\n<p>Lundi : ferm\u00e9e<\/p>\n\n\n\n<p>Mardi \u00e0 samedi : 7h \u00e0 13h (en continu)<\/p>\n\n\n\n<p>\ud83d\udfe6 D\u00e9chetterie d\u2019Imphy<\/p>\n\n\n\n<p>Lundi : ferm\u00e9e<\/p>\n\n\n\n<p>Mardi \u00e0 jeudi : 7h \u00e0 13h (en continu)<\/p>\n\n\n\n<p>Vendredi : ferm\u00e9e<\/p>\n\n\n\n<p>Samedi : 7h \u00e0 13h (en continu)<\/p>\n\n\n\n<p>\ud83d\udc49 Cette adaptation vise \u00e0 pr\u00e9server le confort et la s\u00e9curit\u00e9 des usagers comme des agents durant cette p\u00e9riode de canicule.<\/p>\n\n\n\n<p>\u26a0\ufe0f Ces horaires pourront \u00eatre prolong\u00e9s si la canicule persiste.<\/p>\n","protected":false},"excerpt":{"rendered":"<p>\ud83d\udce2 HORAIRES DECAL\u00c9S\u2013 Canicule \ud83c\udf21\ufe0f \ud83d\udccd d\u00e9chetteries d\u2019Imphy et Champvert En raison des fortes chaleurs annonc\u00e9es, les horaires des d\u00e9chetteries seront modifi\u00e9s la semaine prochaine, du mardi 1er au samedi 5 juillet 2025. \ud83d\udfe9 D\u00e9chetterie de Champvert Lundi : ferm\u00e9e <a class=\"more-link\" href=\"https:\/\/verneuil-nievre.com\/?p=1688\">Continuer la lecture <span class=\"screen-reader-text\">  \ud83d\udce2 HORAIRES DECAL\u00c9S\u2013 Canicule \ud83c\udf21\ufe0f \ud83d\udccd d\u00e9chetteries d\u2019Imphy et Champvert<\/span><span class=\"meta-nav\">&rarr;<\/span><\/a><\/p>\n","protected":false},"author":1,"featured_media":0,"comment_status":"closed","ping_status":"open","sticky":false,"template":"","format":"standard","meta":{"footnotes":""},"categories":[1],"tags":[],"class_list":["post-1688","post","type-post","status-publish","format-standard","hentry","category-non-classe"],"_links":{"self":[{"href":"https:\/\/verneuil-nievre.com\/index.php?rest_route=\/wp\/v2\/posts\/1688","targetHints":{"allow":["GET"]}}],"collection":[{"href":"https:\/\/verneuil-nievre.com\/index.php?rest_route=\/wp\/v2\/posts"}],"about":[{"href":"https:\/\/verneuil-nievre.com\/index.php?rest_route=\/wp\/v2\/types\/post"}],"author":[{"embeddable":true,"href":"https:\/\/verneuil-nievre.com\/index.php?rest_route=\/wp\/v2\/users\/1"}],"replies":[{"embeddable":true,"href":"https:\/\/verneuil-nievre.com\/index.php?rest_route=%2Fwp%2Fv2%2Fcomments&post=1688"}],"version-history":[{"count":1,"href":"https:\/\/verneuil-nievre.com\/index.php?rest_route=\/wp\/v2\/posts\/1688\/revisions"}],"predecessor-version":[{"id":1689,"href":"https:\/\/verneuil-nievre.com\/index.php?rest_route=\/wp\/v2\/posts\/1688\/revisions\/1689"}],"wp:attachment":[{"href":"https:\/\/verneuil-nievre.com\/index.php?rest_route=%2Fwp%2Fv2%2Fmedia&parent=1688"}],"wp:term":[{"taxonomy":"category","embeddable":true,"href":"https:\/\/verneuil-nievre.com\/index.php?rest_route=%2Fwp%2Fv2%2Fcategories&post=1688"},{"taxonomy":"post_tag","embeddable":true,"href":"https:\/\/verneuil-nievre.com\/index.php?rest_route=%2Fwp%2Fv2%2Ftags&post=1688"}],"curies":[{"name":"wp","href":"https:\/\/api.w.org\/{rel}","templated":true}]}}